{"id":1114,"__str__":"Pedido de Provid\u00eancias n\u00ba 23 de 2021","link_detail_backend":"/materia/1114","metadata":{},"numero":23,"ano":2021,"numero_protocolo":null,"data_apresentacao":"2021-03-10","tipo_apresentacao":"E","data_publicacao":"2021-03-12","numero_origem_externa":"","ano_origem_externa":null,"data_origem_externa":null,"apelido":"","dias_prazo":null,"data_fim_prazo":null,"em_tramitacao":false,"polemica":false,"objeto":"","complementar":false,"ementa":"Solicito ao Executivo Municipal, que a secretaria de sa\u00fade deste munic\u00edpio, inclua no programa de vacina\u00e7\u00e3o da COVID-19, os funcion\u00e1rios do Sindicato dos Trabalhadores Rurais, por se tratar de uma institui\u00e7\u00e3o que entre outros servi\u00e7os, mant\u00e9m o atendimento na linha de frente voltado \u00e0 sa\u00fade de seus associados.","indexacao":"","observacao":"","resultado":"","texto_original":"http://sapl.saofranciscodeassis.rs.leg.br/media/sapl/public/materialegislativa/2021/1114/pedido_de_providencia_n23-2021.pdf","data_ultima_atualizacao":"2021-03-12T09:06:07.533816-03:00","ip":"167.249.97.64","ultima_edicao":"2021-03-12T09:01:40.957262-03:00","tipo":12,"regime_tramitacao":2,"tipo_origem_externa":null,"local_origem_externa":null,"user":1,"anexadas":[],"autores":[18]}