{"id":1865,"__str__":"Pedido de Provid\u00eancias n\u00ba 64 de 2022","link_detail_backend":"/materia/1865","metadata":{},"numero":64,"ano":2022,"numero_protocolo":null,"data_apresentacao":"2022-04-28","tipo_apresentacao":"","data_publicacao":null,"numero_origem_externa":"","ano_origem_externa":null,"data_origem_externa":null,"apelido":"","dias_prazo":null,"data_fim_prazo":null,"em_tramitacao":true,"polemica":false,"objeto":"","complementar":false,"ementa":"\u00c0 Secretaria de Seguran\u00e7a do Estado, bem como ao Comandante- Geral da Brigada Militar, Coronel Feoli, que analisou a possibilidade de contemplarem a Brigada Militar de S\u00e3o Francisco de Assis com mais uma viatura. Visto que somos atendidos por apenas um carro em condi\u00e7\u00f5es de apreens\u00f5es, e quando a Brigada Militar necessita deslocar- se at\u00e9 a delegacia de Santiago, ou fazer rondas na \u00e1rea rural afim de combater poss\u00edveis abigeatos, nossa cidade fica desguarnecida.","indexacao":"","observacao":"","resultado":"","texto_original":"http://sapl.saofranciscodeassis.rs.leg.br/media/sapl/public/materialegislativa/2022/1865/pedido_de_providencia_n_64-2022.pdf","data_ultima_atualizacao":"2022-04-29T10:36:31.519789-03:00","ip":"167.249.97.64","ultima_edicao":"2022-04-29T10:25:43.945278-03:00","tipo":12,"regime_tramitacao":2,"tipo_origem_externa":null,"local_origem_externa":null,"user":1,"anexadas":[],"autores":[21]}