{"id":219,"__str__":"Proposi\u00e7\u00e3o n\u00ba 29 de 2017","link_detail_backend":"/materia/219","metadata":{},"numero":29,"ano":2017,"numero_protocolo":1661,"data_apresentacao":"2017-09-18","tipo_apresentacao":"E","data_publicacao":"2017-09-18","numero_origem_externa":"29","ano_origem_externa":2017,"data_origem_externa":"2017-09-18","apelido":"","dias_prazo":30,"data_fim_prazo":"2017-10-18","em_tramitacao":false,"polemica":null,"objeto":"","complementar":null,"ementa":"Que seja enviado of\u00edcio \u00e0 Coordena\u00e7\u00e3o Geral de Aten\u00e7\u00e3o Hospitalar, Minist\u00e9rio da Sa\u00fade, justificando a necessidade e a responsabilidade de manter a ambul\u00e2ncia em conformidade com a Portaria N\u00ba 2.214/2017 (trata da aquisi\u00e7\u00e3o de ve\u00edculos, ambul\u00e2ncias).","indexacao":"","observacao":"","resultado":"","texto_original":"http://sapl.saofranciscodeassis.rs.leg.br/media/sapl/public/materialegislativa/2017/219/proposi-o-29.2017.paraguassu.pdf","data_ultima_atualizacao":"2017-11-20T10:19:28.041127-02:00","ip":"","ultima_edicao":null,"tipo":15,"regime_tramitacao":2,"tipo_origem_externa":15,"local_origem_externa":3,"user":null,"anexadas":[],"autores":[11]}