{"id":2486,"__str__":"Pedido de Provid\u00eancias n\u00ba 20 de 2023","link_detail_backend":"/materia/2486","metadata":{},"numero":20,"ano":2023,"numero_protocolo":null,"data_apresentacao":"2023-03-23","tipo_apresentacao":"","data_publicacao":null,"numero_origem_externa":"","ano_origem_externa":null,"data_origem_externa":null,"apelido":"","dias_prazo":null,"data_fim_prazo":null,"em_tramitacao":true,"polemica":false,"objeto":"","complementar":false,"ementa":"Que o Presidente desta Casa, encaminhe of\u00edcio a Administra\u00e7\u00e3o Municipal solicitando a reposi\u00e7\u00e3o de l\u00e2mpadas e instala\u00e7\u00e3o de novos pontos de ilumina\u00e7\u00e3o ma pra\u00e7a da Vila Nova e em torno a EMEI  Trem da Alegria e Escola Wilson Azambuja Vieira.","indexacao":"","observacao":"","resultado":"","texto_original":"http://sapl.saofranciscodeassis.rs.leg.br/media/sapl/public/materialegislativa/2023/2486/pedido_de_providencia_n_20-2023.pdf","data_ultima_atualizacao":"2023-03-24T11:47:06.348262-03:00","ip":"167.249.97.64","ultima_edicao":"2023-03-24T11:43:14.198584-03:00","tipo":12,"regime_tramitacao":2,"tipo_origem_externa":null,"local_origem_externa":null,"user":1,"anexadas":[],"autores":[]}