{"id":2651,"__str__":"Pedido de Provid\u00eancias n\u00ba 97 de 2023","link_detail_backend":"/materia/2651","metadata":{},"numero":97,"ano":2023,"numero_protocolo":null,"data_apresentacao":"2023-06-29","tipo_apresentacao":"","data_publicacao":null,"numero_origem_externa":"","ano_origem_externa":null,"data_origem_externa":null,"apelido":"","dias_prazo":null,"data_fim_prazo":null,"em_tramitacao":true,"polemica":false,"objeto":"","complementar":false,"ementa":"O Executivo Municipal, junto ao setor de defesa civil, a elabora\u00e7\u00e3o de um programa e planejamento para preven\u00e7\u00e3o e redu\u00e7\u00e3o de danos em casos de cat\u00e1strofes naturais, visto que os institutos de meteorologia apontam para poss\u00edveis temporais no per\u00edodo primaveril causada pelo fen\u00f4meno La nin\u00e3.","indexacao":"","observacao":"","resultado":"","texto_original":"http://sapl.saofranciscodeassis.rs.leg.br/media/sapl/public/materialegislativa/2023/2651/pedido_de_providencia_n_97-2023.pdf","data_ultima_atualizacao":"2023-06-30T13:13:34.665920-03:00","ip":"167.249.97.64","ultima_edicao":"2023-06-30T13:09:09.789868-03:00","tipo":12,"regime_tramitacao":2,"tipo_origem_externa":null,"local_origem_externa":null,"user":1,"anexadas":[],"autores":[21]}