{"id":267,"__str__":"Requerimento n\u00ba 200 de 2017","link_detail_backend":"/materia/267","metadata":{},"numero":200,"ano":2017,"numero_protocolo":1775,"data_apresentacao":"2017-10-26","tipo_apresentacao":"E","data_publicacao":"2017-10-26","numero_origem_externa":"200","ano_origem_externa":2017,"data_origem_externa":"2017-10-26","apelido":"","dias_prazo":30,"data_fim_prazo":"2017-11-26","em_tramitacao":false,"polemica":null,"objeto":"","complementar":false,"ementa":"Ao Executivo Municipal, que seja avaliada a possibilidade de colocar em atividade a Unidade M\u00f3vel de Sa\u00fade para atendimento no interior do Munic\u00edpio.","indexacao":"","observacao":"","resultado":"","texto_original":"http://sapl.saofranciscodeassis.rs.leg.br/media/sapl/public/materialegislativa/2017/267/requerimento-n-200.2017.ebertom-luiz.pdf","data_ultima_atualizacao":"2017-11-23T10:37:12.668147-02:00","ip":"","ultima_edicao":null,"tipo":8,"regime_tramitacao":2,"tipo_origem_externa":8,"local_origem_externa":3,"user":null,"anexadas":[],"autores":[5]}