{"id":3534,"__str__":"Requerimento n\u00ba 97 de 2024","link_detail_backend":"/materia/3534","metadata":{},"numero":97,"ano":2024,"numero_protocolo":null,"data_apresentacao":"2024-10-24","tipo_apresentacao":"","data_publicacao":null,"numero_origem_externa":"","ano_origem_externa":null,"data_origem_externa":null,"apelido":"","dias_prazo":null,"data_fim_prazo":null,"em_tramitacao":true,"polemica":false,"objeto":"","complementar":false,"ementa":"Vem respeitosamente, a presen\u00e7a se Vossa Excel\u00eancia, solicitar a realiza\u00e7\u00e3o de uma Audi\u00eancia P\u00fablica para discuss\u00e3o sobre a Lei\u00ba 1638, que disp\u00f5e sobre a instala\u00e7\u00e3o de aparelhos de Ar-condicionado em todas as escolas e EMEI's p\u00fablicas do munic\u00edpio de S\u00e3o Francisco de Assis.","indexacao":"","observacao":"","resultado":"","texto_original":"http://sapl.saofranciscodeassis.rs.leg.br/media/sapl/public/materialegislativa/2024/3534/requerimento_no97-2024.pdf","data_ultima_atualizacao":"2024-11-11T11:20:01.205073-03:00","ip":"167.249.96.138","ultima_edicao":"2024-11-11T11:16:02.687189-03:00","tipo":8,"regime_tramitacao":2,"tipo_origem_externa":null,"local_origem_externa":null,"user":1,"anexadas":[],"autores":[17]}