{"id":3714,"__str__":"Projeto de Lei Ordin\u00e1ria origem Legislativa n\u00ba 17 de 2025","link_detail_backend":"/materia/3714","metadata":{},"numero":17,"ano":2025,"numero_protocolo":null,"data_apresentacao":"2025-01-02","tipo_apresentacao":"","data_publicacao":null,"numero_origem_externa":"","ano_origem_externa":null,"data_origem_externa":null,"apelido":"","dias_prazo":null,"data_fim_prazo":null,"em_tramitacao":true,"polemica":false,"objeto":"","complementar":false,"ementa":"Disp\u00f5e sobre a isen\u00e7\u00e3o de IPTU para pessoas com defici\u00eancia que residem em ruas sem cal\u00e7amento no munic\u00edpio de S\u00e3o Francisco de Assis, e d\u00e1 outras provid\u00eancias.","indexacao":"","observacao":"","resultado":"","texto_original":"http://sapl.saofranciscodeassis.rs.leg.br/media/sapl/public/materialegislativa/2025/3714/projeto_de_lei_no17-2025.pdf","data_ultima_atualizacao":"2025-01-06T09:32:39.540207-03:00","ip":"167.249.96.138","ultima_edicao":"2025-01-06T09:32:02.255148-03:00","tipo":16,"regime_tramitacao":2,"tipo_origem_externa":null,"local_origem_externa":null,"user":1,"anexadas":[],"autores":[17]}