{"id":3727,"__str__":"Indica\u00e7\u00e3o n\u00ba 5 de 2025","link_detail_backend":"/materia/3727","metadata":{},"numero":5,"ano":2025,"numero_protocolo":null,"data_apresentacao":"2025-01-17","tipo_apresentacao":"","data_publicacao":null,"numero_origem_externa":"","ano_origem_externa":null,"data_origem_externa":null,"apelido":"","dias_prazo":null,"data_fim_prazo":null,"em_tramitacao":true,"polemica":false,"objeto":"","complementar":false,"ementa":"Que o Presidente desta Casa, encaminhe of\u00edcio a Administra\u00e7\u00e3o Municipal, solicitando que seja criado um programa de capacita\u00e7\u00e3o aos nossos mun\u00edcipes (cursos de panifica\u00e7\u00e3o, mec\u00e2nica automotiva, auto el\u00e9trica e el\u00e9trica residencial, entre outros), visando a prepara\u00e7\u00e3o e inser\u00e7\u00e3o dos nossos jovens e demais trabalhadores ao mercado do trabalho.","indexacao":"","observacao":"","resultado":"","texto_original":"http://sapl.saofranciscodeassis.rs.leg.br/media/sapl/public/materialegislativa/2025/3727/indicacao_no05-2025.pdf","data_ultima_atualizacao":"2025-01-17T09:31:45.156560-03:00","ip":"167.249.96.138","ultima_edicao":"2025-01-17T09:27:58.945691-03:00","tipo":7,"regime_tramitacao":2,"tipo_origem_externa":null,"local_origem_externa":null,"user":1,"anexadas":[],"autores":[30]}