{"id":3747,"__str__":"Indica\u00e7\u00e3o n\u00ba 8 de 2025","link_detail_backend":"/materia/3747","metadata":{},"numero":8,"ano":2025,"numero_protocolo":null,"data_apresentacao":"2025-02-18","tipo_apresentacao":"","data_publicacao":null,"numero_origem_externa":"","ano_origem_externa":null,"data_origem_externa":null,"apelido":"","dias_prazo":null,"data_fim_prazo":null,"em_tramitacao":true,"polemica":false,"objeto":"","complementar":false,"ementa":"Que seja encaminhado Projeto de Lei para aprecia\u00e7\u00e3o neste Poder, visando \u00e0 altera\u00e7\u00e3o da legisla\u00e7\u00e3o, a fim de incluir o pagamento de aux\u00edlio-alimenta\u00e7\u00e3o aos servidores p\u00fablicos municipais durante o per\u00edodo de aux\u00edlio-doen\u00e7a, bem como durante o per\u00edodo de atestado de sa\u00fade.","indexacao":"","observacao":"","resultado":"","texto_original":"http://sapl.saofranciscodeassis.rs.leg.br/media/sapl/public/materialegislativa/2025/3747/indicacao_n_08-2025.pdf","data_ultima_atualizacao":"2025-02-18T11:57:15.483247-03:00","ip":"167.249.96.138","ultima_edicao":"2025-02-18T11:51:02.516311-03:00","tipo":7,"regime_tramitacao":2,"tipo_origem_externa":null,"local_origem_externa":null,"user":1,"anexadas":[],"autores":[35]}