{"id":3766,"__str__":"Projeto de Lei Ordin\u00e1ria origem Legislativa n\u00ba 30 de 2025","link_detail_backend":"/materia/3766","metadata":{},"numero":30,"ano":2025,"numero_protocolo":null,"data_apresentacao":"2025-02-28","tipo_apresentacao":"","data_publicacao":null,"numero_origem_externa":"","ano_origem_externa":null,"data_origem_externa":null,"apelido":"","dias_prazo":null,"data_fim_prazo":null,"em_tramitacao":true,"polemica":false,"objeto":"","complementar":false,"ementa":"Institui no \u00c2mbito do munic\u00edpio de S\u00e3o Francisco de Assis o \"Junho Violeta\", m\u00eas de preven\u00e7\u00e3o, combate e conscientiza\u00e7\u00e3o da viol\u00eancia contra a pessoa idosa e da outras providencias.","indexacao":"","observacao":"","resultado":"","texto_original":"http://sapl.saofranciscodeassis.rs.leg.br/media/sapl/public/materialegislativa/2025/3766/projeto_de_lei_no30-2025.pdf","data_ultima_atualizacao":"2025-02-28T11:47:51.754555-03:00","ip":"167.249.96.138","ultima_edicao":"2025-02-28T11:44:17.501933-03:00","tipo":16,"regime_tramitacao":2,"tipo_origem_externa":null,"local_origem_externa":null,"user":1,"anexadas":[],"autores":[34]}