{"id":3892,"__str__":"Indica\u00e7\u00e3o n\u00ba 45 de 2025","link_detail_backend":"/materia/3892","metadata":{},"numero":45,"ano":2025,"numero_protocolo":null,"data_apresentacao":"2025-03-31","tipo_apresentacao":"","data_publicacao":null,"numero_origem_externa":"","ano_origem_externa":null,"data_origem_externa":null,"apelido":"","dias_prazo":null,"data_fim_prazo":null,"em_tramitacao":true,"polemica":false,"objeto":"","complementar":false,"ementa":"Solicito que o Executivo Municipal implante o Programa de Capacita\u00e7\u00e3o de M\u00e3es de Portadores de Transtorno do Transtorno do Espectro Autista, o Programa ora criado tem como objetivo proteger, capacitar e facilitar as m\u00e3es de pessoas com o Transtorno no munic\u00edpio de S\u00e3o Francisco de Assis.","indexacao":"","observacao":"","resultado":"","texto_original":"http://sapl.saofranciscodeassis.rs.leg.br/media/sapl/public/materialegislativa/2025/3892/indicacao_n_45.2025.pdf","data_ultima_atualizacao":"2025-03-31T16:43:17.874702-03:00","ip":"167.249.96.138","ultima_edicao":"2025-03-31T16:39:38.406818-03:00","tipo":7,"regime_tramitacao":2,"tipo_origem_externa":null,"local_origem_externa":null,"user":1,"anexadas":[],"autores":[17]}