{"id":4223,"__str__":"Requerimento n\u00ba 47 de 2025","link_detail_backend":"/materia/4223","metadata":{},"numero":47,"ano":2025,"numero_protocolo":null,"data_apresentacao":"2025-07-24","tipo_apresentacao":"","data_publicacao":null,"numero_origem_externa":"","ano_origem_externa":null,"data_origem_externa":null,"apelido":"","dias_prazo":null,"data_fim_prazo":null,"em_tramitacao":true,"polemica":false,"objeto":"","complementar":false,"ementa":"O vereador que abaixo subscreve, vem a presen\u00e7a de Vossa Excel\u00eancia, requerer quatro di\u00e1rias com pernoite e uma sem para a cidade de Porto Alegre, RS, nos dias 29, 30, 31 de julho e 01 de agosto do corrente ano.","indexacao":"","observacao":"","resultado":"","texto_original":"http://sapl.saofranciscodeassis.rs.leg.br/media/sapl/public/materialegislativa/2025/4223/requerimento_de_autorizacao_de_viagem_n47-2025.pdf","data_ultima_atualizacao":"2025-07-25T08:21:59.542115-03:00","ip":"167.249.96.138","ultima_edicao":"2025-07-25T08:19:24.852243-03:00","tipo":8,"regime_tramitacao":2,"tipo_origem_externa":null,"local_origem_externa":null,"user":1,"anexadas":[],"autores":[36]}