{"id":4224,"__str__":"Projeto de Lei Ordin\u00e1ria origem Legislativa n\u00ba 92 de 2025","link_detail_backend":"/materia/4224","metadata":{},"numero":92,"ano":2025,"numero_protocolo":null,"data_apresentacao":"2025-07-24","tipo_apresentacao":"","data_publicacao":null,"numero_origem_externa":"","ano_origem_externa":null,"data_origem_externa":null,"apelido":"","dias_prazo":null,"data_fim_prazo":null,"em_tramitacao":true,"polemica":false,"objeto":"","complementar":false,"ementa":"Extingue e cria cargos no \u00e2mbito do poder Legislativo Municipal e promove altera\u00e7\u00f5es na Lei n\u00b017/2010, que estabelece a estrutura administrativa da C\u00e2mara de Vereadores de S\u00e3o Francisco de Assis, RS.","indexacao":"","observacao":"","resultado":"","texto_original":"http://sapl.saofranciscodeassis.rs.leg.br/media/sapl/public/materialegislativa/2025/4224/projeto_de_lei_n92-2025.pdf","data_ultima_atualizacao":"2025-07-25T09:07:07.958724-03:00","ip":"167.249.96.138","ultima_edicao":"2025-07-25T09:01:39.414148-03:00","tipo":16,"regime_tramitacao":2,"tipo_origem_externa":null,"local_origem_externa":null,"user":1,"anexadas":[],"autores":[28,35,34,18]}