{"id":4365,"__str__":"Indica\u00e7\u00e3o n\u00ba 152 de 2025","link_detail_backend":"/materia/4365","metadata":{},"numero":152,"ano":2025,"numero_protocolo":null,"data_apresentacao":"2025-09-09","tipo_apresentacao":"","data_publicacao":null,"numero_origem_externa":"","ano_origem_externa":null,"data_origem_externa":null,"apelido":"","dias_prazo":null,"data_fim_prazo":null,"em_tramitacao":true,"polemica":false,"objeto":"","complementar":false,"ementa":"Solicito que o Executivo Municipal que implante o programa que institui o aux\u00edlio financeiro para m\u00e3es at\u00edpicas ou respons\u00e1veis legais at\u00edpicos. O programa tem como finalidade a cria\u00e7\u00e3o de um aux\u00edlio financeiro mensal para m\u00e3es at\u00edpicas ou respons\u00e1veis legais at\u00edpicos, com o objetivo de amparar fam\u00edlias em situa\u00e7\u00e3o de vulnerabilidade social e econ\u00f4mica, que se dedicam integralmente ao cuidado de pessoas com defici\u00eancia, Transtorno do Espectro Autista (TEA) ou doen\u00e7as raras.","indexacao":"","observacao":"","resultado":"","texto_original":"http://sapl.saofranciscodeassis.rs.leg.br/media/sapl/public/materialegislativa/2025/4365/indicacao_n152-2025_ver_nilo_santos.pdf","data_ultima_atualizacao":"2025-09-09T11:30:33.957516-03:00","ip":"167.249.96.138","ultima_edicao":"2025-09-09T11:27:29.780138-03:00","tipo":7,"regime_tramitacao":2,"tipo_origem_externa":null,"local_origem_externa":null,"user":1,"anexadas":[],"autores":[17]}