{"id":4423,"__str__":"Projeto de Lei Ordin\u00e1ria origem Legislativa n\u00ba 111 de 2025","link_detail_backend":"/materia/4423","metadata":{},"numero":111,"ano":2025,"numero_protocolo":null,"data_apresentacao":"2025-09-26","tipo_apresentacao":"","data_publicacao":null,"numero_origem_externa":"","ano_origem_externa":null,"data_origem_externa":null,"apelido":"","dias_prazo":null,"data_fim_prazo":null,"em_tramitacao":true,"polemica":false,"objeto":"","complementar":false,"ementa":"Institui no Munic\u00edpio de S\u00e3o Francisco de Assis o Programa de Preven\u00e7\u00e3o ao Gl\u00faten e \u00e0 Lactose nas EMEIs e Escolas P\u00fablicas Municipais e disp\u00f5e sobre a obrigatoriedade de separa\u00e7\u00e3o em prateleiras espec\u00edficas nos estabelecimentos comerciais e d\u00e1 outras provid\u00eancias.","indexacao":"","observacao":"","resultado":"","texto_original":"http://sapl.saofranciscodeassis.rs.leg.br/media/sapl/public/materialegislativa/2025/4423/projeto_de_lei_n111-2025_ver._kassineida_paz.pdf","data_ultima_atualizacao":"2025-09-30T13:33:40.425731-03:00","ip":"167.249.96.138","ultima_edicao":"2025-09-30T13:25:14.892838-03:00","tipo":16,"regime_tramitacao":2,"tipo_origem_externa":null,"local_origem_externa":null,"user":1,"anexadas":[],"autores":[37]}