{"id":4446,"__str__":"Projeto de Lei Ordin\u00e1ria origem Legislativa n\u00ba 112 de 2025","link_detail_backend":"/materia/4446","metadata":{},"numero":112,"ano":2025,"numero_protocolo":null,"data_apresentacao":"2025-09-29","tipo_apresentacao":"","data_publicacao":null,"numero_origem_externa":"","ano_origem_externa":null,"data_origem_externa":null,"apelido":"","dias_prazo":null,"data_fim_prazo":null,"em_tramitacao":true,"polemica":false,"objeto":"","complementar":false,"ementa":"Institui no \u00e2mbito do Munic\u00edpio de S\u00e3o Francisco de Assis, a Semana Municipal da Consci\u00eancia Negra, e d\u00e1 outras provid\u00eancias.","indexacao":"","observacao":"","resultado":"","texto_original":"http://sapl.saofranciscodeassis.rs.leg.br/media/sapl/public/materialegislativa/2025/4446/projeto_de_lei_n112-2025_ver._rodrigo.pdf","data_ultima_atualizacao":"2025-10-10T09:07:53.588263-03:00","ip":"167.249.96.138","ultima_edicao":"2025-10-10T09:07:53.416247-03:00","tipo":16,"regime_tramitacao":2,"tipo_origem_externa":null,"local_origem_externa":null,"user":1,"anexadas":[],"autores":[34]}