{"id":4452,"__str__":"Indica\u00e7\u00e3o n\u00ba 180 de 2025","link_detail_backend":"/materia/4452","metadata":{},"numero":180,"ano":2025,"numero_protocolo":null,"data_apresentacao":"2025-10-13","tipo_apresentacao":"","data_publicacao":null,"numero_origem_externa":"","ano_origem_externa":null,"data_origem_externa":null,"apelido":"","dias_prazo":null,"data_fim_prazo":null,"em_tramitacao":true,"polemica":false,"objeto":"","complementar":false,"ementa":"Ao Poder Executivo Municipal, atrav\u00e9s da Secretaria de Educa\u00e7\u00e3o e Cultura, que seja realizado estudo de viabilidade para implantar a Col\u00f4nia de F\u00e9rias nas EMEI'S do mun\u00edcipio, priorizando principalmente crian\u00e7as em situa\u00e7\u00e3o de vulnerabilidade, baixo \u00edndice de aprendizagem, pessoas PCD e aquelas cujas fam\u00edlias n\u00e3o disponham de rede de apoio.","indexacao":"","observacao":"","resultado":"","texto_original":"http://sapl.saofranciscodeassis.rs.leg.br/media/sapl/public/materialegislativa/2025/4452/indicacao_n180-2025.pdf","data_ultima_atualizacao":"2025-10-13T10:38:13.440196-03:00","ip":"167.249.96.138","ultima_edicao":"2025-10-13T10:35:26.410765-03:00","tipo":7,"regime_tramitacao":2,"tipo_origem_externa":null,"local_origem_externa":null,"user":1,"anexadas":[],"autores":[5]}