{"id":4453,"__str__":"Indica\u00e7\u00e3o n\u00ba 181 de 2025","link_detail_backend":"/materia/4453","metadata":{},"numero":181,"ano":2025,"numero_protocolo":null,"data_apresentacao":"2025-10-13","tipo_apresentacao":"","data_publicacao":null,"numero_origem_externa":"","ano_origem_externa":null,"data_origem_externa":null,"apelido":"","dias_prazo":null,"data_fim_prazo":null,"em_tramitacao":true,"polemica":false,"objeto":"","complementar":false,"ementa":"Solicito que o Executivo Municipal encaminhe \u00e0 C\u00e2mara de Vereadores um Projeto de Lei que regulamente o Com\u00e9rcio Ambulante e Eventual nas vias e logradouros p\u00fablicos do Munic\u00edpio de S\u00e3o Francisco de Assis, disciplinando a atividade de forma a garantir a organiza\u00e7\u00e3o do espa\u00e7o urbano, a concorr\u00eancia leal e o respeito \u00e0s normas sanit\u00e1rias e fiscais.","indexacao":"","observacao":"","resultado":"","texto_original":"http://sapl.saofranciscodeassis.rs.leg.br/media/sapl/public/materialegislativa/2025/4453/indicacao_n181-2025.pdf","data_ultima_atualizacao":"2025-10-13T15:41:30.754737-03:00","ip":"167.249.96.138","ultima_edicao":"2025-10-13T15:38:15.891972-03:00","tipo":7,"regime_tramitacao":2,"tipo_origem_externa":null,"local_origem_externa":null,"user":1,"anexadas":[],"autores":[17]}