{"id":4578,"__str__":"Projeto de Lei Ordin\u00e1ria origem Legislativa n\u00ba 130 de 2025","link_detail_backend":"/materia/4578","metadata":{},"numero":130,"ano":2025,"numero_protocolo":null,"data_apresentacao":"2025-11-18","tipo_apresentacao":"","data_publicacao":null,"numero_origem_externa":"","ano_origem_externa":null,"data_origem_externa":null,"apelido":"","dias_prazo":null,"data_fim_prazo":null,"em_tramitacao":true,"polemica":false,"objeto":"","complementar":false,"ementa":"Assegura \u00e0s pessoas com Transtorno do Espectro Autista (TEA) o direito de ingressar e consumir seus pr\u00f3prios alimentos em espa\u00e7os p\u00fablicos e privados no Munic\u00edpio de S\u00e3o Francisco de Assis-RS, e d\u00e1 outras provid\u00eancias.","indexacao":"","observacao":"","resultado":"","texto_original":"http://sapl.saofranciscodeassis.rs.leg.br/media/sapl/public/materialegislativa/2025/4578/projeto_de_lei_n130-2025.pdf","data_ultima_atualizacao":"2025-11-28T09:02:27.180215-03:00","ip":"167.249.96.138","ultima_edicao":"2025-11-28T09:00:01.295021-03:00","tipo":16,"regime_tramitacao":2,"tipo_origem_externa":null,"local_origem_externa":null,"user":1,"anexadas":[],"autores":[35]}