{"id":747,"__str__":"Pedido de Provid\u00eancias n\u00ba 13 de 2020","link_detail_backend":"/materia/747","metadata":{},"numero":13,"ano":2020,"numero_protocolo":null,"data_apresentacao":"2020-03-09","tipo_apresentacao":"E","data_publicacao":"2020-03-09","numero_origem_externa":"","ano_origem_externa":null,"data_origem_externa":null,"apelido":"","dias_prazo":null,"data_fim_prazo":null,"em_tramitacao":false,"polemica":null,"objeto":"","complementar":null,"ementa":"\u00e0 8\u00aa Coordenadoria Regional de Educa\u00e7\u00e3o (CRE), que seja informado sobre algumas linhas de \u00f4nibus escolares do Munic\u00edpio de S\u00e3o Francisco de Assis/RS, de EEEM Jo\u00e3o Aguiar, localizada na Vila Kraemer, 5\u00ba Distrito e EEEM Jo\u00e3o Ot\u00e1vio Nogueira Leiria, localizada no Toroqu\u00e1, 2\u00ba Distrito.","indexacao":"","observacao":"","resultado":"","texto_original":"http://sapl.saofranciscodeassis.rs.leg.br/media/sapl/public/materialegislativa/2020/747/pedido_de_providencia_n_13.2020.pdf","data_ultima_atualizacao":"2020-03-09T16:06:02.459255-03:00","ip":"138.219.95.90","ultima_edicao":null,"tipo":12,"regime_tramitacao":2,"tipo_origem_externa":null,"local_origem_externa":null,"user":1,"anexadas":[],"autores":[7]}