{"id":571,"__str__":"Resolu\u00e7\u00e3o n\u00ba 2, de 08 de mar\u00e7o de 2021","link_detail_backend":"/norma/571","metadata":{},"texto_integral":"http://sapl.saofranciscodeassis.rs.leg.br/media/sapl/public/normajuridica/2021/571/resolucao_n_02-2021.pdf","numero":"2","ano":2021,"esfera_federacao":"M","data":"2021-03-08","data_publicacao":null,"veiculo_publicacao":"","pagina_inicio_publicacao":null,"pagina_fim_publicacao":null,"ementa":"Estabelece adequa\u00e7\u00f5es no \u00e2mbito da C\u00e2mara Municipal de S\u00e3o Francisco de Assis, RS, estabelecendo medidas de preven\u00e7\u00e3o e de enfrentamento \u00e0 epidemia causada pela COVID-19, na Bandeira Preta.","indexacao":"","observacao":"","complemento":false,"data_vigencia":null,"timestamp":"2021-07-16T12:01:42.173311-03:00","data_ultima_atualizacao":"2021-07-16T12:01:42.296678-03:00","ip":"167.249.97.64","ultima_edicao":"2021-07-16T11:59:58.186144-03:00","tipo":5,"materia":null,"orgao":null,"user":1,"assuntos":[],"autores":[]}