{"id":574,"__str__":"Resolu\u00e7\u00e3o n\u00ba 4, de 20 de julho de 2021","link_detail_backend":"/norma/574","metadata":{},"texto_integral":"http://sapl.saofranciscodeassis.rs.leg.br/media/sapl/public/normajuridica/2021/574/resolucao_de_mesa_no_04-2021.pdf","numero":"4","ano":2021,"esfera_federacao":"M","data":"2021-07-20","data_publicacao":null,"veiculo_publicacao":"","pagina_inicio_publicacao":null,"pagina_fim_publicacao":null,"ementa":"Estabelece no \u00e2mbito da C\u00e2mara de Vereadores de S\u00e3o Francisco de Assis, RS, procedimentos preventivos complementares relacionados ao COVID-19","indexacao":"","observacao":"","complemento":false,"data_vigencia":null,"timestamp":"2021-07-20T17:56:44.244799-03:00","data_ultima_atualizacao":"2021-07-20T17:56:44.603694-03:00","ip":"167.249.97.64","ultima_edicao":"2021-07-20T17:47:54.518004-03:00","tipo":5,"materia":null,"orgao":null,"user":1,"assuntos":[],"autores":[]}